{"id":68,"date":"2019-11-05T13:01:34","date_gmt":"2019-11-05T10:01:34","guid":{"rendered":"http:\/\/www.piory.fi\/?p=68"},"modified":"2019-11-05T13:01:34","modified_gmt":"2019-11-05T10:01:34","slug":"pio-isku-lokakuu-2019","status":"publish","type":"post","link":"https:\/\/www.piory.fi\/index.php\/2019\/11\/05\/pio-isku-lokakuu-2019\/","title":{"rendered":"PIO Isku lokakuu 2019"},"content":{"rendered":"\n<figure class=\"wp-block-image\"><img loading=\"lazy\" decoding=\"async\" width=\"768\" height=\"1024\" src=\"https:\/\/www.piory.fi\/wp-content\/uploads\/2019\/11\/hallitus2019-768x1024.jpg\" alt=\"\" class=\"wp-image-69\" srcset=\"https:\/\/www.piory.fi\/wp-content\/uploads\/2019\/11\/hallitus2019-768x1024.jpg 768w, https:\/\/www.piory.fi\/wp-content\/uploads\/2019\/11\/hallitus2019-225x300.jpg 225w\" sizes=\"auto, (max-width: 768px) 100vw, 768px\" \/><\/figure>\n\n\n\n<p><strong>Lokakuu 2019<\/strong><strong>PIO ry:n uusi hallitus<\/strong><\/p>\n\n\n\n<p>Porin Insin\u00f6\u00f6riopiskelijat PIO ry:n syyskokouksessa 14.10.2019 p\u00e4\u00e4tettiin PIO ry:n hallitus kaudelle 2020. Hallituksen kokoonpano vuodelle 2020 on seuraava:<\/p>\n\n\n\n<p>Puheenjohtaja: Mauri Lehtikangas<br>Varapuheenjohtaja: Karrar Al-Khanjarawy<br>Rahastonhoitaja: Jaani P\u00e4ivike<br>Sihteeri: Mariela Dragoeva<\/p>\n\n\n\n<p>Hallituksen j\u00e4senet:<br>Jussi Suominen<br>Roosa-Maria Ollonqvist<br>Maj Virko<br>Niklas Poutanen<br>Sami Siekkinen<\/p>\n\n\n\n<p>Uusi hallitus aloittaa toimintansa 1.1.2020! <\/p>\n\n\n\n<figure class=\"wp-block-image\"><img loading=\"lazy\" decoding=\"async\" width=\"1024\" height=\"578\" src=\"https:\/\/www.piory.fi\/wp-content\/uploads\/2019\/11\/teknologiatiistai-1024x578.jpg\" alt=\"\" class=\"wp-image-73\" srcset=\"https:\/\/www.piory.fi\/wp-content\/uploads\/2019\/11\/teknologiatiistai-1024x578.jpg 1024w, https:\/\/www.piory.fi\/wp-content\/uploads\/2019\/11\/teknologiatiistai-300x169.jpg 300w, https:\/\/www.piory.fi\/wp-content\/uploads\/2019\/11\/teknologiatiistai-768x434.jpg 768w, https:\/\/www.piory.fi\/wp-content\/uploads\/2019\/11\/teknologiatiistai.jpg 1360w\" sizes=\"auto, (max-width: 1024px) 100vw, 1024px\" \/><\/figure>\n\n\n\n<p><strong>TeknologiaTiistai Satakunnassa<\/strong><\/p>\n\n\n\n<p>Pio ry on mukana j\u00e4rjest\u00e4m\u00e4ss\u00e4 TeknologiaTiistai tapahtumaa Porin kampuksella!\u00a0Tapahtuma on suunnattu erityisesti peruskoulun, ammattioppilaitoksen ja lukion p\u00e4\u00e4tt\u00e4ville opiskelijoille ja heid\u00e4n tukijoukkoille.<\/p>\n\n\n\n<p>Tapahtumassa on esill\u00e4 Satakunnan alueen tekniikan koulutusalat, eri alojen yrityksi\u00e4, paljon tietoa teknologia-alasta, uramahdollisuuksista ja ty\u00f6llistymisest\u00e4!<\/p>\n\n\n\n<p>TeknologiaTiistai j\u00e4rjestet\u00e4\u00e4n SAMK:n Agora-salissa 26.11.2019 klo 10:00 &#8211; 18:00<\/p>\n\n\n\n<p>Lis\u00e4tietoa tapahtumasta l\u00f6yd\u00e4t <strong><a href=\"https:\/\/us19.mailchimp.com\/mctx\/click?url=https%3A%2F%2Fwww.facebook.com%2Fevents%2F555996291605179%2F&amp;xid=212f4f5486&amp;uid=101461442&amp;pool=&amp;subject=\" target=\"_blank\" rel=\"noreferrer noopener\">T\u00c4ST\u00c4!<\/a><\/strong><\/p>\n\n\n\n<figure class=\"wp-block-image\"><img loading=\"lazy\" decoding=\"async\" width=\"667\" height=\"960\" src=\"https:\/\/www.piory.fi\/wp-content\/uploads\/2019\/11\/Inssitvstradet.jpg\" alt=\"\" class=\"wp-image-70\" srcset=\"https:\/\/www.piory.fi\/wp-content\/uploads\/2019\/11\/Inssitvstradet.jpg 667w, https:\/\/www.piory.fi\/wp-content\/uploads\/2019\/11\/Inssitvstradet-208x300.jpg 208w\" sizes=\"auto, (max-width: 667px) 100vw, 667px\" \/><\/figure>\n\n\n\n<p><strong>Inssit vs. Tradet<\/strong><\/p>\n\n\n\n<p>Insin\u00f6\u00f6riopiskelijaliitto IOL kiert\u00e4\u00e4 yhdess\u00e4 tradenomiopiskelijoiden kanssa kymmenell\u00e4 eri paikkakunnalla! Kiertue rantautuu Poriin Perjantaina 1.11. St\u00e4ndi pidet\u00e4\u00e4n Porin kampuksen aulassa. St\u00e4ndill\u00e4 p\u00e4\u00e4set moikkaamaan inssej\u00e4 ja tradeja, sek\u00e4 osallistumaan kilpailuun!<\/p>\n\n\n\n<p>27.10.-1.11. v\u00e4lisen\u00e4 aikana on k\u00e4ynniss\u00e4 my\u00f6s kuvakilpailu. Kuvakilpailuun osallistuvat kaikki kuvat, jotka on kampanja-aikana merkitty tunnisteella&nbsp;<a href=\"https:\/\/us19.mailchimp.com\/mctx\/click?url=https%3A%2F%2Fwww.facebook.com%2Fhashtag%2Finssitvstradet%3Fsource%3Dfeed_text%26epa%3DHASHTAG%26__xts__%255B0%255D%3D68.ARD6qs9Qch0crZZhJEQNrLiurlybSBS0TmO8gwDVZWESXhI8ZGAiaHk_aImSSX1EvqQpB-KMhiDpBZxcqSbE3mYdL90tWSjWfm8o_QLD0Z_GGmDtU82ZAJ0QB6R7_G0ZW5_k5GyXl4aUGEi9dIsvQB41gJ_U9330iNvxq1WoIwlKBJYFhrS3NvkqBAqYm_zJF9aC6F6apUSDv0N7ray4-0CID7OHQPDl6DSxHe86pMzYvSimlUwcQnfJb6_cgiay6mII0f8nk5h81nhA4dsE2pbP2ZkX0oVXZEpnaf96Z945FuWOZD98Eyl1Bh8-FIoIlz9KpKAqg2mBcq2hWilAPdPHmMyQ46-ti58bKEjvv0szVeZTsB5LjFjlKaGB0XFt_x2u9AJeufBvzDLkSJ8v_Ffj4B0KklUwvTNdk2Va0rMleYJizBNLYRauZ2EGMvldHbL1NTpZ5pnhxl8-bQJaRwxMrvIJSJiTNM2Cng%26__tn__%3D%252ANKH-R&amp;xid=212f4f5486&amp;uid=101461442&amp;pool=&amp;subject=\" target=\"_blank\" rel=\"noreferrer noopener\">#inssitvstradet<\/a>&nbsp;joko Facebookissa tai Instagramissa. T\u00e4h\u00e4nkin kilpailuun voivat osallistua kaikki insin\u00f6\u00f6ri- ja tradenomiopiskelijat kansallisesti.<\/p>\n\n\n\n<p>N\u00e4hd\u00e4\u00e4n st\u00e4ndill\u00e4! <\/p>\n\n\n\n<figure class=\"wp-block-image\"><img loading=\"lazy\" decoding=\"async\" width=\"1024\" height=\"306\" src=\"https:\/\/www.piory.fi\/wp-content\/uploads\/2019\/11\/sammakko-1024x306.png\" alt=\"\" class=\"wp-image-71\" srcset=\"https:\/\/www.piory.fi\/wp-content\/uploads\/2019\/11\/sammakko-1024x306.png 1024w, https:\/\/www.piory.fi\/wp-content\/uploads\/2019\/11\/sammakko-300x90.png 300w, https:\/\/www.piory.fi\/wp-content\/uploads\/2019\/11\/sammakko-768x229.png 768w, https:\/\/www.piory.fi\/wp-content\/uploads\/2019\/11\/sammakko.png 1142w\" sizes=\"auto, (max-width: 1024px) 100vw, 1024px\" \/><\/figure>\n\n\n\n<p><strong>Edustajistovaalit 2019<\/strong>SAMMAKKOn edustajisto k\u00e4ytt\u00e4\u00e4 opiskelijakunnan ylint\u00e4 p\u00e4\u00e4t\u00f6svaltaa. Edustajisto koostuu 20 varsinaisesta j\u00e4senest\u00e4 sek\u00e4 varaj\u00e4senist\u00e4. Edustajisto valitaan vuosittain vaaleilla marraskuussa ja toimikausi kest\u00e4\u00e4 kalenterivuoden.Edustajisto p\u00e4\u00e4tt\u00e4\u00e4 SAMMAKKOn toiminnan suurista linjoista sek\u00e4 resursseista ja valitsee opiskelijakunnan hallituksen sek\u00e4 opiskelijaedustajat SAMKin hallitukseen, tutkintolautakuntaan ja opintolautakuntaan. Edustajisto ohjaa my\u00f6s hallituksen toimintaa ja osallistuu SAMMAKKOn kehitysty\u00f6h\u00f6n erilaisten ty\u00f6ryhmien kautta.<\/p>\n\n\n\n<p>PIOllistalla on t\u00e4n\u00e4 vuonna seuraavat ehdokkaat edustajistoon:<\/p>\n\n\n\n<p>701 Jaani P\u00e4ivike<br>702 Jussi Suominen<br>703 Kai Hyt\u00f6nen<br>704 Karrar Al-Khanjarawy<br>705 Mauri Lehtikangas<br>706 Janne Lagerroos<br>707 Andre Torm<br>708 Niklas Poutanen<br>709 Juha Kaunisto<\/p>\n\n\n\n<p>\u00c4\u00e4nestysaikaa s\u00e4hk\u00f6isess\u00e4 ennakko\u00e4\u00e4nestyksess\u00e4 3.11.2019 asti!&nbsp; Varsinaiset vaalip\u00e4iv\u00e4t Porin kampuksella ovat 5.11 ja 6.11 klo 10:00-15:00! Muista k\u00e4yd\u00e4 \u00e4\u00e4nest\u00e4m\u00e4ss\u00e4 omaa ehdokastasi! \u00c4\u00e4nestyslinkki on l\u00e4hetetty s\u00e4hk\u00f6postiisi. Muista, ett\u00e4 jokaisella \u00e4\u00e4nell\u00e4 on merkityst\u00e4!<\/p>\n\n\n\n<p>Lis\u00e4tietoa vaaleista ja edustajiston toiminnasta l\u00f6yd\u00e4t <a href=\"https:\/\/us19.mailchimp.com\/mctx\/click?url=https%3A%2F%2Fwww.sammakko.fi%2Fedustajistovaalit-2019%2F&amp;xid=212f4f5486&amp;uid=101461442&amp;pool=&amp;subject=\" target=\"_blank\" rel=\"noreferrer noopener\"><strong>T\u00c4\u00c4LT\u00c4!<\/strong><\/a><\/p>\n\n\n\n<figure class=\"wp-block-image\"><img loading=\"lazy\" decoding=\"async\" width=\"650\" height=\"339\" src=\"https:\/\/www.piory.fi\/wp-content\/uploads\/2019\/11\/nimet\u00f6n.png\" alt=\"Pikkujoulusitsit\" class=\"wp-image-67\" srcset=\"https:\/\/www.piory.fi\/wp-content\/uploads\/2019\/11\/nimet\u00f6n.png 650w, https:\/\/www.piory.fi\/wp-content\/uploads\/2019\/11\/nimet\u00f6n-300x156.png 300w\" sizes=\"auto, (max-width: 650px) 100vw, 650px\" \/><\/figure>\n\n\n<p><!--StartFragment--><\/p>\n\n\n<p><\/p>\n\n\n\n<table class=\"wp-block-table\"><tbody><tr><td><strong>Pikkujoulusitsit!<\/strong><br>Mit\u00e4 yll\u00e4tyksi\u00e4 pukin s\u00e4keist\u00e4 l\u00f6ytyyk\u00e4\u00e4n ja onko muori jakamassa piparia? Tule ottamaan siit\u00e4 selv\u00e4\u00e4 PIO ryn pikkujoulusitseille!<br>Sitsit pidet\u00e4\u00e4n juhlatalo Katariinassa 20.11.2019. Otathan mukaasi ~5,00\u20ac joululahjan joka alkaa kirjaimella P. Lahja saa olla hauska, tyhm\u00e4, roisi, tyls\u00e4 tai vaikka ihan mit\u00e4t\u00f6n kunhan tuot jotain!\u00a0 Esimerkiksi tuot lahjaksi hanskat koska neh\u00e4n ovat ihan selv\u00e4sti peukalon l\u00e4mmittimet, alkavat siis P-kirjaimella. Vain mielikuvitus on rajana! Sitsien pukukoodina joulu, haalarit voit siis j\u00e4tt\u00e4\u00e4 kotiin (tai olla j\u00e4tt\u00e4m\u00e4tt\u00e4) odottamaan taas perus keskiviikon bileit\u00e4.<br>Tonttuillaan yhdess\u00e4!<br><br>Lipun hinta 13\u20ac j\u00e4senelle,15\u20ac ei j\u00e4senelle (hintaan sis\u00e4ltyy: haalarimerkki, ruoka ja alkumaljat sek\u00e4 jatkoille p\u00e4\u00e4sy)<br><br>Liput Myyd\u00e4\u00e4n kide.appiss\u00e4 11.11.2019 klo 11.11 alkaen<br>Tapahtumakieli: Suomi<br>Jatkot Heidi&#8217;s Bier Barissa<br>Ps. Pussikaljat sallittuja jopa toivottuja<br><br>Lis\u00e4tietoa sitseist\u00e4 ja facebooktapahtuman l\u00f6yd\u00e4t <a rel=\"noreferrer noopener\" href=\"https:\/\/us19.mailchimp.com\/mctx\/click?url=https%3A%2F%2Fwww.facebook.com%2Fevents%2F2344351589026018%2F&amp;xid=212f4f5486&amp;uid=101461442&amp;pool=&amp;subject=\" target=\"_blank\"><strong>T\u00c4\u00c4LT\u00c4!<\/strong><\/a> <br><strong><br>PIO ry<br>Satakunnankatu 23, B105<br>28130 Pori<br>Piohallitus@gmail.com<br>\u00a0\u00a9 2019\u00a0Porin Insin\u00f6\u00f6riopiskelijat PIO ry\u00a0<a rel=\"noreferrer noopener\" href=\"https:\/\/us19.mailchimp.com\/mctx\/click?url=https%3A%2F%2Fwww.facebook.com%2FPIOry%2F&amp;xid=212f4f5486&amp;uid=101461442&amp;pool=&amp;subject=\" target=\"_blank\"><\/a> <a rel=\"noreferrer noopener\" href=\"https:\/\/us19.mailchimp.com\/mctx\/click?url=http%3A%2F%2Fpio.insinoori.fi&amp;xid=212f4f5486&amp;uid=101461442&amp;pool=&amp;subject=\" target=\"_blank\"><\/a> <a rel=\"noreferrer noopener\" href=\"mailto:pio@samk.fi\" target=\"_blank\"><\/a><\/strong> <a rel=\"noreferrer noopener\" href=\"https:\/\/us19.mailchimp.com\/mctx\/click?url=https%3A%2F%2Fwww.instagram.com%2Fpio_ry%2F&amp;xid=212f4f5486&amp;uid=101461442&amp;pool=&amp;subject=\" target=\"_blank\"><\/a> <\/td><\/tr><\/tbody><\/table>\n\n\n<p><!--EndFragment--><\/p>","protected":false},"excerpt":{"rendered":"<p>Lokakuu 2019PIO ry:n uusi hallitus Porin Insin\u00f6\u00f6riopiskelijat PIO ry:n syyskokouksessa 14.10.2019 p\u00e4\u00e4tettiin PIO ry:n hallitus kaudelle 2020. Hallituksen kokoonpano vuodelle 2020 on seuraava: Puheenjohtaja: Mauri LehtikangasVarapuheenjohtaja: Karrar Al-KhanjarawyRahastonhoitaja: Jaani P\u00e4ivikeSihteeri: Mariela Dragoeva Hallituksen j\u00e4senet:Jussi SuominenRoosa-Maria OllonqvistMaj VirkoNiklas PoutanenSami Siekkinen Uusi hallitus aloittaa toimintansa 1.1.2020! TeknologiaTiistai Satakunnassa Pio ry on mukana j\u00e4rjest\u00e4m\u00e4ss\u00e4 TeknologiaTiistai tapahtumaa Porin kampuksella!\u00a0Tapahtuma &hellip; <\/p>\n","protected":false},"author":1,"featured_media":72,"comment_status":"open","ping_status":"open","sticky":false,"template":"","format":"standard","meta":{"footnotes":""},"categories":[4],"tags":[],"class_list":["post-68","post","type-post","status-publish","format-standard","has-post-thumbnail","hentry","category-pio-isku"],"_links":{"self":[{"href":"https:\/\/www.piory.fi\/index.php\/wp-json\/wp\/v2\/posts\/68","targetHints":{"allow":["GET"]}}],"collection":[{"href":"https:\/\/www.piory.fi\/index.php\/wp-json\/wp\/v2\/posts"}],"about":[{"href":"https:\/\/www.piory.fi\/index.php\/wp-json\/wp\/v2\/types\/post"}],"author":[{"embeddable":true,"href":"https:\/\/www.piory.fi\/index.php\/wp-json\/wp\/v2\/users\/1"}],"replies":[{"embeddable":true,"href":"https:\/\/www.piory.fi\/index.php\/wp-json\/wp\/v2\/comments?post=68"}],"version-history":[{"count":1,"href":"https:\/\/www.piory.fi\/index.php\/wp-json\/wp\/v2\/posts\/68\/revisions"}],"predecessor-version":[{"id":74,"href":"https:\/\/www.piory.fi\/index.php\/wp-json\/wp\/v2\/posts\/68\/revisions\/74"}],"wp:featuredmedia":[{"embeddable":true,"href":"https:\/\/www.piory.fi\/index.php\/wp-json\/wp\/v2\/media\/72"}],"wp:attachment":[{"href":"https:\/\/www.piory.fi\/index.php\/wp-json\/wp\/v2\/media?parent=68"}],"wp:term":[{"taxonomy":"category","embeddable":true,"href":"https:\/\/www.piory.fi\/index.php\/wp-json\/wp\/v2\/categories?post=68"},{"taxonomy":"post_tag","embeddable":true,"href":"https:\/\/www.piory.fi\/index.php\/wp-json\/wp\/v2\/tags?post=68"}],"curies":[{"name":"wp","href":"https:\/\/api.w.org\/{rel}","templated":true}]}}